{"id":2314,"date":"2026-09-01T13:10:36","date_gmt":"2026-09-01T11:10:36","guid":{"rendered":"https:\/\/demirhanocak.com\/site26\/2026\/09\/01\/ekmegin-icindeki-sinif-bir-somun-bin-hikaye\/"},"modified":"2026-09-01T13:10:36","modified_gmt":"2026-09-01T11:10:36","slug":"ekmegin-icindeki-sinif-bir-somun-bin-hikaye","status":"publish","type":"post","link":"https:\/\/demirhanocak.com\/site26\/2026\/09\/01\/ekmegin-icindeki-sinif-bir-somun-bin-hikaye\/","title":{"rendered":"Ekme\u011fin \u0130\u00e7indeki S\u0131n\u0131f: Bir Somun, Bin Hik\u00e2ye"},"content":{"rendered":"<p><img decoding=\"async\" src=\"https:\/\/images.pexels.com\/photos\/20106930\/pexels-photo-20106930.jpeg?auto=compress&#038;cs=tinysrgb&#038;fit=crop&#038;h=627&#038;w=1200\" style=\"width:100%;height:auto;\"><\/p>\n<p>Sana bir soru soray\u0131m: Son ne zaman elindeki ekme\u011fe bakt\u0131n \u2014 ger\u00e7ekten bakt\u0131n, yani onu sadece a\u011fz\u0131na g\u00f6t\u00fcrmeden \u00f6nce bir saniye duraksay\u0131p <em>bu ne anlama geliyor<\/em> diye d\u00fc\u015f\u00fcnd\u00fcn? Hay\u0131r m\u0131? Ben de d\u00fc\u015f\u00fcnm\u00fcyordum. Ta ki bir g\u00fcn bir dostum masaya bir somun koyup &#8220;Bu, tarihte en \u00e7ok kan d\u00f6kt\u00fcren nesnedir&#8221; diyene kadar.<\/p>\n<p>Abart\u0131 m\u0131? Biraz. Ama abart\u0131n\u0131n i\u00e7inde bir hakikat \u00e7ekirde\u011fi var. Ekmek, insanl\u0131k tarihinde sadece bir g\u0131da maddesi de\u011fil; bir g\u00fc\u00e7 g\u00f6stergesi, bir s\u0131n\u0131f sembol\u00fc, bir isyan bayra\u011f\u0131 olmu\u015ftur. Ve bu h\u00e2l\u00e2 b\u00f6yledir \u2014 sadece biz art\u0131k fark etmiyoruz \u00e7\u00fcnk\u00fc markette beyaz \u0131\u015f\u0131k alt\u0131nda vakumlu paketlere girmi\u015f halde bizi bekliyor.<\/p>\n<p>Ba\u015fa gidelim. <strong>M\u0131s\u0131r&#8217;da, yakla\u015f\u0131k M.\u00d6. 3000&#8217;de<\/strong> ekmek pi\u015firme sanat\u0131 bir devlet meselesi h\u00e2line geldi. Firavun&#8217;un f\u0131r\u0131nc\u0131lar\u0131 vard\u0131 ve bu f\u0131r\u0131nc\u0131lar s\u0131radan i\u015f\u00e7i de\u011fildi \u2014 onlar, orduyu ve i\u015fg\u00fcc\u00fcn\u00fc besleyen devlet memurlar\u0131yd\u0131. Piramitleri kim in\u015fa etti? K\u00f6leler mi? Hay\u0131r, ara\u015ft\u0131rmalar g\u00f6steriyor ki b\u00fcy\u00fck \u00f6l\u00e7\u00fcde g\u00fcndelik ekmek ve bira kar\u015f\u0131l\u0131\u011f\u0131 \u00e7al\u0131\u015fan \u00fccretli i\u015f\u00e7iler. Yani bir anlamda, Keops Piramidi&#8217;nin temeli ekmekle at\u0131ld\u0131. D\u00fc\u015f\u00fcn bunu bir dakika.<\/p>\n<p>Sonra Roma geliyor. Roma&#8217;da <strong>&#8220;panem et circenses&#8221;<\/strong> \u2014 ekmek ve sirk \u2014 bir y\u00f6netim felsefesiydi. Halka bedava ekmek da\u011f\u0131t, gladyat\u00f6r g\u00f6sterisi ver; kimse sormaz, kimse sorgulamaz. Bu iki bin y\u0131l \u00f6ncenin politikas\u0131. Ama \u015fu anda d\u00fcnyan\u0131n herhangi bir yerinde a\u00e7\u0131p bir gazete okursan \u2014 ya da art\u0131k ne okuyorsak \u2014 ayn\u0131 form\u00fcl\u00fc g\u00f6r\u00fcrs\u00fcn. Ekmek de\u011fi\u015fmi\u015f olabilir, sirk dijitalle\u015fmi\u015f olabilir; form\u00fcl ayn\u0131d\u0131r.<\/p>\n<p>Peki ya Fransa? Ah, Fransa. <strong>1789 ihtilalinin fitilini kim ate\u015fledi?<\/strong> Bir filozofun kitab\u0131 m\u0131, bir generalin karar\u0131 m\u0131? Hay\u0131r. Ekmek fiyatlar\u0131. Paris&#8217;teki kad\u0131nlar, \u00f6zellikle pazar kad\u0131nlar\u0131, ekmek bulamad\u0131klar\u0131 i\u00e7in sokaklara d\u00f6k\u00fcld\u00fc. Versailles&#8217;a y\u00fcr\u00fcd\u00fcler. Tarihe &#8220;Ekmek Y\u00fcr\u00fcy\u00fc\u015f\u00fc&#8221; diye ge\u00e7en bu olayda binlerce kad\u0131n, elleri bo\u015f ama y\u00fcrekleri dolu, saray\u0131n kap\u0131s\u0131na dayand\u0131. Frans\u0131z Devrimi bir fikir devrimidir elbette \u2014 ama o fikri tetikleyen \u015fey bo\u015f bir ekmek sepetiydi.<\/p>\n<p>T\u00fcrkiye&#8217;ye bakal\u0131m. Bizim co\u011frafyam\u0131zda ekmek sadece besin de\u011fil, kutsald\u0131r. D\u00fc\u015f\u00fcr\u00fcrsen yerden al\u0131rs\u0131n, \u00f6p\u00fcp aln\u0131na koyars\u0131n. &#8220;Ekmek israf\u0131&#8221; bir ahlak meselesidir burada. (Ve evet, ben h\u00e2l\u00e2 masada kalan ekmek par\u00e7alar\u0131n\u0131 \u00e7\u00f6pe atmaya g\u00f6nl\u00fcm el vermiyor \u2014 bu bir refleks, bir miras.) <strong>Anadolu&#8217;da her b\u00f6lgenin ekme\u011fi farkl\u0131d\u0131r:<\/strong> Trabzon vakf\u0131kebir ekme\u011fi, Gaziantep yufkas\u0131, Ege&#8217;nin bazlamas\u0131, Karadeniz&#8217;in m\u0131s\u0131r ekme\u011fi&#8230; Bunlar sadece tarif de\u011fil, kimlik kart\u0131d\u0131r. Birine nereli oldu\u011funu sormak yerine &#8220;ne ekmek yersin?&#8221; diye sorsan, daha do\u011fru cevab\u0131 al\u0131rs\u0131n.<\/p>\n<p>Almanya da bu hik\u00e2yede bo\u015f durmuyor. (Demirhan burada hem T\u00fcrkiye&#8217;den hem Almanya&#8217;dan bakt\u0131\u011f\u0131 i\u00e7in bu k\u0131yas ka\u00e7\u0131n\u0131lmaz, affedin.) Alman f\u0131r\u0131nc\u0131l\u0131\u011f\u0131 2016&#8217;da <strong>UNESCO Somut Olmayan K\u00fclt\u00fcrel Miras<\/strong> listesine girdi. Almanya&#8217;da 300&#8217;den fazla ekmek \u00e7e\u015fidi tescillenmi\u015f durumda. Almanya&#8217;ya g\u00f6\u00e7men olarak giden T\u00fcrklerin ilk \u015fik\u00e2yetlerinden biri neydi biliyor musun? &#8220;Burada iyi ekmek yok.&#8221; Sonra kendi mahallelerinde kendi f\u0131r\u0131nlar\u0131n\u0131 a\u00e7t\u0131lar. Bu bir nostalji de\u011fil, kimli\u011fini ta\u015f\u0131makt\u0131r. Hamurla, unla, ate\u015fle.<\/p>\n<p>\u015eimdi biraz ac\u0131 ger\u00e7e\u011fe gelelim. Bug\u00fcn d\u00fcnyada ekmek t\u00fcketimi ciddi bir <strong>s\u0131n\u0131f g\u00f6stergesi<\/strong> olmaya devam ediyor \u2014 sadece ters y\u00fcz olmu\u015f halde. Bir zamanlar beyaz ekmek zenginlerin, kepekli ekmek yoksullar\u0131n ekme\u011fiydi. (Orta \u00c7a\u011f&#8217;da kepekli un ucuzdu, elenip ar\u0131nd\u0131r\u0131lm\u0131\u015f beyaz un pahal\u0131yd\u0131.) \u015eimdi tam tersi: Organik, ek\u015fi mayal\u0131, tam tah\u0131ll\u0131, glutensiz, chia tohumlu&#8230; bu ekmekler pahal\u0131 semtlerin f\u0131r\u0131nlar\u0131nda sat\u0131l\u0131yor. Kepek geri d\u00f6nd\u00fc, ama bu sefer \u00fccreti y\u00fcksek.<\/p>\n<ul>\n<li><strong>Eski d\u00fcnya:<\/strong> Beyaz ekmek = ayr\u0131cal\u0131k, kepekli = zorunluluk<\/li>\n<li><strong>Yeni d\u00fcnya:<\/strong> Ek\u015fi mayal\u0131 somun = ayr\u0131cal\u0131k, fabrika ekme\u011fi = zorunluluk<\/li>\n<li><strong>De\u011fi\u015fmeyen:<\/strong> Kimin neyi yiyebildi\u011fi, h\u00e2l\u00e2 s\u0131n\u0131fla belirleniyor<\/li>\n<li><strong>Paradoks:<\/strong> &#8220;Do\u011fal&#8221; olan, \u00e7o\u011fu zaman en pahal\u0131 olan h\u00e2line geliyor<\/li>\n<\/ul>\n<p>Bu beni \u00f6fkelendirmiyor de\u011fil. \u00d6fkelendiriyor. Ama ayn\u0131 zamanda g\u00fcld\u00fcr\u00fcyor da \u2014 \u00e7\u00fcnk\u00fc insanl\u0131\u011f\u0131n bu d\u00f6ng\u00fcsel aptall\u0131\u011f\u0131nda (hani aptal yoktur demi\u015fim, burada istisnay\u0131 s\u0131n\u0131fa veriyorum, bireye de\u011fil) garip bir estetik tutarl\u0131l\u0131k var. Bin y\u0131l \u00f6nce ne yedi\u011fin kim oldu\u011funu s\u00f6yl\u00fcyordu. Bin y\u0131l sonra h\u00e2l\u00e2 s\u00f6yl\u00fcyor.<\/p>\n<p>Bir portreyi \u00e7izerken y\u00fczden \u00f6nce y\u00fck\u00fc g\u00f6rd\u00fc\u011f\u00fcm\u00fc s\u00f6yl\u00fcyorum hep. Ekmek de b\u00f6yle \u2014 e\u011fer sadece kabu\u011funa bak\u0131yorsan, as\u0131l resmi ka\u00e7\u0131r\u0131yorsun. \u0130\u00e7indeki hava bo\u015fluklar\u0131na bak: oras\u0131 mayalanma s\u00fcrecinin, yani zaman\u0131n ve sabr\u0131n izleridir. O bo\u015fluklar rastgele de\u011fil \u2014 her biri bir karar\u0131n, bir dokunu\u015fun, bir \u0131s\u0131n\u0131n sonucu.<\/p>\n<p>T\u0131pk\u0131 bir y\u00fcz gibi. T\u0131pk\u0131 bir hayat gibi.<\/p>\n<p>Belki de ekmekle olan ili\u015fkimiz, insanla olan ili\u015fkimizin en saf h\u00e2lidir. Onu b\u00fck\u00fcrs\u00fcn, payla\u015f\u0131rs\u0131n, bazen \u0131s\u0131r\u0131rs\u0131n. Bazen bayatlar ve onu kurtarmak i\u00e7in \u00e7aba sarf edersin. Bazen hi\u00e7 olmaz ve o yoklu\u011fun a\u011f\u0131rl\u0131\u011f\u0131n\u0131 ta\u015f\u0131rs\u0131n. <strong>Ekme\u011fi israf etmek, zaman\u0131 israf etmek gibidir<\/strong> \u2014 d\u00f6nd\u00fc\u011f\u00fcnde hep pi\u015fman olursun.<\/p>\n<p>\u015eimdi git, elindeki ekme\u011fe bir bak. Sadece bir bak. F\u0131r\u0131nc\u0131s\u0131n\u0131 d\u00fc\u015f\u00fcn, tarlas\u0131n\u0131 d\u00fc\u015f\u00fcn, onu b\u00fcy\u00fcten ya\u011fmuru d\u00fc\u015f\u00fcn, o ya\u011fmurun \u00fczerinde d\u00f6nd\u00fc\u011f\u00fc gezegenin \u015fu an tam bu saniyede tam bu a\u00e7\u0131yla g\u00fcne\u015fe bakt\u0131\u011f\u0131n\u0131 d\u00fc\u015f\u00fcn.<\/p>\n<p>Ve sonra ye. L\u00fctfen so\u011fumadan ye.<\/p>\n<p>Hadi bakay\u0131m, \u015fimdi usulca da\u011f\u0131l\u0131n ve m\u00fcmk\u00fcnse m\u0131sm\u0131l olun.<br \/><strong>Demirhan.<\/strong><\/p>\n","protected":false},"excerpt":{"rendered":"<p>Sana bir soru soray\u0131m: Son ne zaman elindeki ekme\u011fe bakt\u0131n \u2014 ger\u00e7ekten bakt\u0131n, yani onu sadece a\u011fz\u0131na g\u00f6t\u00fcrmeden \u00f6nce bir saniye duraksay\u0131p bu ne anlama geliyor diye d\u00fc\u015f\u00fcnd\u00fcn? Hay\u0131r m\u0131? [&hellip;]<\/p>\n","protected":false},"author":2,"featured_media":0,"comment_status":"open","ping_status":"open","sticky":false,"template":"","format":"standard","meta":{"ngg_post_thumbnail":0,"footnotes":""},"categories":[47],"tags":[],"class_list":["post-2314","post","type-post","status-publish","format-standard","hentry","category-gastronomi"],"_links":{"self":[{"href":"https:\/\/demirhanocak.com\/site26\/wp-json\/wp\/v2\/posts\/2314","targetHints":{"allow":["GET"]}}],"collection":[{"href":"https:\/\/demirhanocak.com\/site26\/wp-json\/wp\/v2\/posts"}],"about":[{"href":"https:\/\/demirhanocak.com\/site26\/wp-json\/wp\/v2\/types\/post"}],"author":[{"embeddable":true,"href":"https:\/\/demirhanocak.com\/site26\/wp-json\/wp\/v2\/users\/2"}],"replies":[{"embeddable":true,"href":"https:\/\/demirhanocak.com\/site26\/wp-json\/wp\/v2\/comments?post=2314"}],"version-history":[{"count":0,"href":"https:\/\/demirhanocak.com\/site26\/wp-json\/wp\/v2\/posts\/2314\/revisions"}],"wp:attachment":[{"href":"https:\/\/demirhanocak.com\/site26\/wp-json\/wp\/v2\/media?parent=2314"}],"wp:term":[{"taxonomy":"category","embeddable":true,"href":"https:\/\/demirhanocak.com\/site26\/wp-json\/wp\/v2\/categories?post=2314"},{"taxonomy":"post_tag","embeddable":true,"href":"https:\/\/demirhanocak.com\/site26\/wp-json\/wp\/v2\/tags?post=2314"}],"curies":[{"name":"wp","href":"https:\/\/api.w.org\/{rel}","templated":true}]}}