{"id":2309,"date":"2026-08-31T08:49:17","date_gmt":"2026-08-31T06:49:17","guid":{"rendered":"https:\/\/demirhanocak.com\/site26\/2026\/08\/31\/unutulan-bir-tat-eksi-mayanin-sessiz-direnisi\/"},"modified":"2026-08-31T08:49:17","modified_gmt":"2026-08-31T06:49:17","slug":"unutulan-bir-tat-eksi-mayanin-sessiz-direnisi","status":"publish","type":"post","link":"https:\/\/demirhanocak.com\/site26\/2026\/08\/31\/unutulan-bir-tat-eksi-mayanin-sessiz-direnisi\/","title":{"rendered":"Unutulan Bir Tat: Ek\u015fi Mayan\u0131n Sessiz Direni\u015fi"},"content":{"rendered":"<p><img decoding=\"async\" src=\"https:\/\/images.pexels.com\/photos\/36202913\/pexels-photo-36202913.jpeg?auto=compress&#038;cs=tinysrgb&#038;fit=crop&#038;h=627&#038;w=1200\" style=\"width:100%;height:auto;\"><\/p>\n<p>Sana bir \u015fey soraca\u011f\u0131m ve cevab\u0131n\u0131 \u015fimdiden biliyorum: <strong>Ne zaman son kez ger\u00e7ek ekmek yedin?<\/strong> Yani o kabuk \u00e7\u0131t\u0131rdayan, i\u00e7i delikli, biraz ek\u015fimsi, kokarken seni ba\u015fka bir yere g\u00f6t\u00fcren t\u00fcrden. (Marketin po\u015fet i\u00e7indeki o pamuk y\u0131\u011f\u0131n\u0131ndan bahsetmiyorum. O \u015feyin ad\u0131 ekmek de\u011fil, onun sahnedeki dubl\u00f6r\u00fc.)<\/p>\n<p>Ek\u015fi maya meselesi benim i\u00e7in sadece gastronomi de\u011fil. Bir direni\u015f bi\u00e7imi. Bir saat fark\u0131. \u0130\u00e7inde ya\u015fayan bir \u015feyi besleyip, ondan bir \u015fey alman\u0131n o garip kar\u015f\u0131l\u0131kl\u0131 ili\u015fkisi. Resim yaparken de bazen ayn\u0131s\u0131n\u0131 hissederim \u2014 tuval bana bir \u015fey verir, ben ona bir \u015fey veririm. Ortada bir canl\u0131l\u0131k olu\u015fur. Ek\u015fi mayan\u0131n tam olarak yapt\u0131\u011f\u0131 da bu.<\/p>\n<p>Peki nas\u0131l oldu da bunu unuttuk?<\/p>\n<p><strong>K\u0131sa cevap:<\/strong> 1940&#8217;lar. Uzun cevap ise biraz ac\u0131.<\/p>\n<p>\u0130kinci D\u00fcnya Sava\u015f\u0131&#8217;n\u0131n ard\u0131ndan Bat\u0131 d\u00fcnyas\u0131 verimlili\u011fe \u00e2\u015f\u0131k oldu. Her \u015fey h\u0131zlanacakt\u0131, her \u015fey standartla\u015facakt\u0131, her \u015fey <em>\u00f6l\u00e7\u00fclebilir<\/em> olacakt\u0131. Ekmek de bu r\u00fczg\u00e2rdan nasibini ald\u0131. End\u00fcstriyel maya \u2014 o k\u00fc\u00e7\u00fck sar\u0131 paketler \u2014 sahneye \u00e7\u0131kt\u0131 ve fermentasyonu saatlerden dakikalara indirdi. S\u00fcper. Harika. Tek sorun \u015fuydu: o h\u0131zda kaybolan bir \u015feyler vard\u0131. Sindirim kolayl\u0131\u011f\u0131, mineral emilimi, derin tat, o hafif ek\u015filik. Ve tabii en \u00f6nemlisi \u2014 <strong>sab\u0131r<\/strong>.<\/p>\n<p>Ek\u015fi maya sab\u0131r ister. G\u00fcnler ister. Bazen haftalar. \u0130lk ba\u015flad\u0131\u011f\u0131nda bir kavanoza un ve su koyuyorsun, bekliyor ve seyrediyorsun. \u0130lk iki \u00fc\u00e7 g\u00fcn hi\u00e7bir \u015fey olmuyor gibi g\u00f6r\u00fcn\u00fcyor. (Tam da hayat\u0131n \u00e7o\u011fu g\u00fczel \u015feyi gibi.) Sonra bir g\u00fcn sabah kalk\u0131yorsun, kavanozun kapa\u011f\u0131 hafif\u00e7e itilmi\u015f, i\u00e7erisi kabarm\u0131\u015f, ek\u015fi ama ho\u015f bir koku yay\u0131l\u0131yor mutfa\u011fa. O minik canl\u0131lar uyand\u0131. Ve sen onlara bir \u015feyler bor\u00e7lusun art\u0131k.<\/p>\n<p>Bu ili\u015fkinin ad\u0131 &#8220;starter&#8221; \u2014 T\u00fcrk\u00e7eye &#8220;ek\u015fi maya k\u00fclt\u00fcr\u00fc&#8221; ya da sadece &#8220;ana maya&#8221; olarak ge\u00e7iyor. Ama ben ona daha \u00e7ok &#8220;ortak&#8221; diyorum. \u00c7\u00fcnk\u00fc sen onu beslersin, o seni besler. D\u00fczenli un ve su verirsin, o sana her seferinde farkl\u0131, karakterli bir ekmek verir.<\/p>\n<p>Ek\u015fi mayan\u0131n tatlara yapt\u0131\u011f\u0131 \u015feyi d\u00fc\u015f\u00fcn\u00fcrken bir portreyi bitirme an\u0131n\u0131 hat\u0131rl\u0131yorum. Uzun s\u00fcredir \u00fczerinde \u00e7al\u0131\u015ft\u0131\u011f\u0131n bir y\u00fcz var; b\u0131rakmak bilmiyorsun, bir katman daha \u00e7ekiyorsun, bir g\u00f6lge daha. Sonra bir an geliyor \u2014 tam o an \u2014 b\u0131rakman gerekti\u011fini anl\u0131yorsun. Ek\u015fi maya da tam b\u00f6yle. \u00c7ok bekletirsen ek\u015filik bask\u0131n gelir, az bekletirsen tad y\u00fczeyde kal\u0131r. O &#8220;tam an&#8221;\u0131 yakalamak bir beceri, ama daha \u00e7ok bir his meselesi.<\/p>\n<p>\u015eimdi sana birka\u00e7 \u015fey s\u00f6yleyeyim ki daha az gizemli gelsin:<\/p>\n<ul>\n<li><strong>Ek\u015fi maya ba\u015flatmak i\u00e7in:<\/strong> 50 gram tam bu\u011fday unu + 50 gram su. Kavanoza koy, \u00fcst\u00fcn\u00fc bez veya gev\u015fek kapakla kapat. Her g\u00fcn ayn\u0131 saatte yar\u0131s\u0131n\u0131 at, tekrar 50+50 ekle. 5-7 g\u00fcn i\u00e7inde aktif hale gelir.<\/li>\n<li><strong>S\u0131cakl\u0131k kritiktir:<\/strong> 24-26 derece ideal. K\u0131\u015f\u0131n mutfak so\u011fuksa kavanozunu f\u0131r\u0131n\u0131n \u0131\u015f\u0131\u011f\u0131n\u0131n alt\u0131na koy. (Evet, sadece \u0131\u015f\u0131k a\u00e7\u0131k, \u0131s\u0131 kapal\u0131.)<\/li>\n<li><strong>Koku k\u0131lavuzdur:<\/strong> Aseton gibi keskin bir koku a\u015f\u0131r\u0131 olgunla\u015fmay\u0131 g\u00f6sterir. Hafif ek\u015fi, biraz meyvemsi bir koku istedi\u011fin \u015feydir.<\/li>\n<li><strong>\u00d6lmez, uyur:<\/strong> Haftalar kullanmayacaksan buzdolab\u0131na koy. Ayda bir besle, \u00e7\u0131kar, \u0131s\u0131t, tekrar kullan.<\/li>\n<li><strong>Her mutfak farkl\u0131 k\u00fclt\u00fcr \u00fcretir:<\/strong> San Francisco&#8217;nun ek\u015fi mayas\u0131 ba\u015fkad\u0131r, \u0130stanbul&#8217;un ba\u015fkad\u0131r. Havadaki mikroorganizmalar farkl\u0131. Yani senin mutfa\u011f\u0131nda \u00fcretti\u011fin maya, d\u00fcnyada bir ba\u015fkas\u0131nda yok.<\/li>\n<\/ul>\n<p>Bu son madde beni her seferinde duraksat\u0131r. <strong>Senin mutfa\u011f\u0131n\u0131n havas\u0131, suyun kire\u00e7 oran\u0131, ellerindeki mikroplar<\/strong> \u2014 hepsi o mayaya i\u015fler. Bu y\u00fczden iki ki\u015fi ayn\u0131 tarifi kullan\u0131p farkl\u0131 ekmekler yapar. Ve bu, end\u00fcstriyel g\u0131dan\u0131n asla veremeyece\u011fi bir \u015fey: <em>tekil olmak<\/em>.<\/p>\n<p>T\u00fcrkiye&#8217;de ek\u015fi maya hi\u00e7 tam olarak \u00f6lmedi asl\u0131nda. Anadolu&#8217;nun baz\u0131 k\u00f6ylerinde h\u00e2l\u00e2 &#8220;ek\u015fi hamur&#8221; diye tutulur. Annem anlat\u0131rd\u0131 \u2014 b\u00fcy\u00fckannesinin hamur teknesinin k\u00f6\u015fesinde hep bir par\u00e7a hamur kal\u0131rm\u0131\u015f, bir sonraki g\u00fcne. \u0130sraftan de\u011fil, bilgelikten. O hamur par\u00e7as\u0131 nesillerin mayas\u0131yd\u0131. Kimse &#8220;starter&#8221; demiyordu tabii. Sadece &#8220;kalan hamur&#8221; diyorlard\u0131. Ama \u00f6z\u00fcnde ayn\u0131 \u015fey.<\/p>\n<p>\u015eimdi bu bilgelik yeniden moda oldu \u2014 &#8220;artisan ekmek&#8221; diye, &#8220;slow food&#8221; diye, Instagram kareleri e\u015fli\u011finde. Bundan rahats\u0131z de\u011filim a\u00e7\u0131k\u00e7as\u0131. Bir \u015feyin moda olmas\u0131, ayn\u0131 zamanda daha fazla insan\u0131n ona dokunmas\u0131 demek. Ve bir kez o kokuyu ald\u0131n m\u0131, o kabu\u011fu \u00e7\u0131t\u0131rdatt\u0131n m\u0131 \u2014 geri d\u00f6nmek zor.<\/p>\n<p>As\u0131l sormak istedi\u011fim \u015fu: <strong>H\u0131z i\u00e7in ne kadar tat feda ettik?<\/strong> Sadece ekmekte de\u011fil. Sar\u0131 paket mayas\u0131 gibi h\u0131zland\u0131r\u0131lm\u0131\u015f ne \u00e7ok \u015fey var hayat\u0131m\u0131zda. \u0130li\u015fkiler, kararlar, \u00f6fkeler, sevgiler. Hepsi bir &#8220;h\u0131zl\u0131 fermentasyon&#8221; ile ge\u00e7iliveriliyor. Ama o yava\u015f, uzun, belirsiz s\u00fcre\u00e7 olmadan derinlik de olmuyor. Karakter de.<\/p>\n<p>Ek\u015fi maya bana her seferinde bunu hat\u0131rlat\u0131yor. O kavanozun ba\u015f\u0131nda sab\u0131rla beklerken, i\u00e7indeki canl\u0131l\u0131\u011f\u0131n kendili\u011finden \u015fekillenmesini izlerken \u2014 <em>alet de\u011fi\u015fir, el de\u011fi\u015fmez<\/em> diyorum kendi kendime. Maya de\u011fi\u015fir, zaman de\u011fi\u015fmez.<\/p>\n<p>Hadi bakay\u0131m, \u015fimdi usulca da\u011f\u0131l\u0131n ve m\u00fcmk\u00fcnse m\u0131sm\u0131l olun.<br \/>\n<strong>Demirhan.<\/strong><\/p>\n","protected":false},"excerpt":{"rendered":"<p>Sana bir \u015fey soraca\u011f\u0131m ve cevab\u0131n\u0131 \u015fimdiden biliyorum: Ne zaman son kez ger\u00e7ek ekmek yedin? Yani o kabuk \u00e7\u0131t\u0131rdayan, i\u00e7i delikli, biraz ek\u015fimsi, kokarken seni ba\u015fka bir yere g\u00f6t\u00fcren t\u00fcrden. [&hellip;]<\/p>\n","protected":false},"author":2,"featured_media":0,"comment_status":"open","ping_status":"open","sticky":false,"template":"","format":"standard","meta":{"ngg_post_thumbnail":0,"footnotes":""},"categories":[47],"tags":[],"class_list":["post-2309","post","type-post","status-publish","format-standard","hentry","category-gastronomi"],"_links":{"self":[{"href":"https:\/\/demirhanocak.com\/site26\/wp-json\/wp\/v2\/posts\/2309","targetHints":{"allow":["GET"]}}],"collection":[{"href":"https:\/\/demirhanocak.com\/site26\/wp-json\/wp\/v2\/posts"}],"about":[{"href":"https:\/\/demirhanocak.com\/site26\/wp-json\/wp\/v2\/types\/post"}],"author":[{"embeddable":true,"href":"https:\/\/demirhanocak.com\/site26\/wp-json\/wp\/v2\/users\/2"}],"replies":[{"embeddable":true,"href":"https:\/\/demirhanocak.com\/site26\/wp-json\/wp\/v2\/comments?post=2309"}],"version-history":[{"count":0,"href":"https:\/\/demirhanocak.com\/site26\/wp-json\/wp\/v2\/posts\/2309\/revisions"}],"wp:attachment":[{"href":"https:\/\/demirhanocak.com\/site26\/wp-json\/wp\/v2\/media?parent=2309"}],"wp:term":[{"taxonomy":"category","embeddable":true,"href":"https:\/\/demirhanocak.com\/site26\/wp-json\/wp\/v2\/categories?post=2309"},{"taxonomy":"post_tag","embeddable":true,"href":"https:\/\/demirhanocak.com\/site26\/wp-json\/wp\/v2\/tags?post=2309"}],"curies":[{"name":"wp","href":"https:\/\/api.w.org\/{rel}","templated":true}]}}