{"id":2307,"date":"2026-08-30T08:12:53","date_gmt":"2026-08-30T06:12:53","guid":{"rendered":"https:\/\/demirhanocak.com\/site26\/2026\/08\/30\/ekmegin-icindeki-sinif-somun-kimin-icin-pisti\/"},"modified":"2026-08-30T08:12:53","modified_gmt":"2026-08-30T06:12:53","slug":"ekmegin-icindeki-sinif-somun-kimin-icin-pisti","status":"publish","type":"post","link":"https:\/\/demirhanocak.com\/site26\/2026\/08\/30\/ekmegin-icindeki-sinif-somun-kimin-icin-pisti\/","title":{"rendered":"Ekme\u011fin \u0130\u00e7indeki S\u0131n\u0131f: Somun Kimin \u0130\u00e7in Pi\u015fti?"},"content":{"rendered":"<p><img decoding=\"async\" src=\"https:\/\/images.pexels.com\/photos\/20106930\/pexels-photo-20106930.jpeg?auto=compress&#038;cs=tinysrgb&#038;fit=crop&#038;h=627&#038;w=1200\" style=\"width:100%;height:auto;\"><\/p>\n<p>Sana bir soru soray\u0131m, d\u00fcz ve sert: <strong>Tarihin en \u00e7ok kan d\u00f6k\u00fclen g\u0131das\u0131 hangisidir?<\/strong> Baharatlar m\u0131 dersin, petrol gibi \u00fclkeleri b\u00f6len? Tuz mu, Roma&#8217;n\u0131n askerleri tuzla \u00fccret alan? Hay\u0131r. Cevap \u00e7ok daha s\u0131radan bir rafta duruyor \u2014 unlu, kabar\u0131k, hafif \u00e7atlak kabuklu. Cevap ekmek.<\/p>\n<p>Ekmek deyip ge\u00e7me. Milyonlarca insan\u0131n hayat\u0131n\u0131, \u00f6l\u00fcm\u00fcn\u00fc, devrimini ve teslimiyetini i\u00e7inde ta\u015f\u0131yan bir nesne bu. F\u0131r\u0131ndan \u00e7\u0131kan o somun sadece kahvalt\u0131 masas\u0131ndaki masum \u015fey de\u011fil; ayn\u0131 zamanda bir s\u0131n\u0131f bildirisi, bir g\u00fc\u00e7 g\u00f6sterisi, bazen de bir isyan fitili. Frans\u0131z Devrimi&#8217;ni hat\u0131rla \u2014 &#8220;Onlara pasta yedirin&#8221; c\u00fcmlesi (ger\u00e7i Marie Antoinette bunu hi\u00e7 s\u00f6ylemedi, ama tarih iyi hik\u00e2yeleri sever), s\u0131rf ekmek yoktu diye bir taht\u0131, bir kafay\u0131 ve bir \u00e7a\u011f\u0131 bitirdi.<\/p>\n<p>Ben y\u0131llard\u0131r y\u00fczler \u00e7iziyorum. Portrelerde insan\u0131n y\u00fck\u00fcn\u00fc \u00f6nce g\u00f6r\u00fcrs\u00fcn, sonra y\u00fcz\u00fcn\u00fc. A\u00e7l\u0131k \u00e7ekmi\u015f bir y\u00fcz ile tok bir y\u00fcz aras\u0131ndaki fark sadece et meselesi de\u011fil \u2014 orada bir tarih oturur, bir haf\u0131za, bazen de bir \u00f6fke. Ve o \u00f6fkenin \u00e7o\u011fu zaman k\u00f6k\u00fcnde ekmek vard\u0131r. En basit, en ula\u015f\u0131labilir, en insanc\u0131l \u015fey: ekmek.<\/p>\n<p><strong>Ekmek ba\u015flang\u0131\u00e7ta e\u015fitti \u2014 ya da \u00f6yle san\u0131ld\u0131.<\/strong> Neolitik d\u00f6nemde, yani bundan yakla\u015f\u0131k on iki bin y\u0131l \u00f6nce, insanlar tah\u0131l\u0131 \u00f6\u011f\u00fct\u00fcp pi\u015firmeye ba\u015flad\u0131\u011f\u0131nda ortada bir ayr\u0131cal\u0131k yoktu. Herkes ayn\u0131 ma\u011farada oturuyordu, herkes ayn\u0131 ate\u015fin etraf\u0131ndayd\u0131. Sonra tar\u0131m geldi, depolama geldi, fazlal\u0131k geldi \u2014 ve tam o noktada, birisi o fazlal\u0131\u011f\u0131 ele ge\u00e7irdi. \u0130\u015fte o an, ekmek siyasi oldu.<\/p>\n<p>Antik M\u0131s\u0131r&#8217;da ekmek hem para birimi hem stat\u00fc g\u00f6stergesiydi. Piramitleri in\u015fa eden i\u015f\u00e7ilere maa\u015f olarak ekmek veriliyordu \u2014 g\u00fcnde yakla\u015f\u0131k sekiz somun, bira dahil. (Evet, bira da vard\u0131. Tarih her zaman sand\u0131\u011f\u0131ndan biraz daha iyi.) Ama firavunun ekme\u011fi bamba\u015fkayd\u0131: ince, beyaz, \u00f6\u011f\u00fct\u00fclm\u00fc\u015f, saf. Halk\u0131n ekme\u011fi ise kepekli, sert, i\u00e7inde kum taneleri bile olan bir \u015feydi \u2014 \u00e7\u00fcnk\u00fc ta\u015fl\u0131 de\u011firmenler \u00f6\u011f\u00fct\u00fcrken m\u0131s\u0131r di\u015flerini de \u00f6\u011f\u00fct\u00fcrd\u00fc. Arkeologlar, antik M\u0131s\u0131rl\u0131lar\u0131n di\u015flerini inceledi\u011finde bunu g\u00f6r\u00fcyor. Ekme\u011fin i\u00e7inde s\u0131n\u0131f yaz\u0131l\u0131yd\u0131, kelimenin tam anlam\u0131yla.<\/p>\n<p>Orta \u00c7a\u011f Avrupas\u0131&#8217;nda bu ayr\u0131m daha da keskinle\u015fti. Beyaz ekmek soylulara, koyu ve a\u011f\u0131r ekmek k\u00f6yl\u00fclere aitti. O kadar net bir s\u0131n\u0131r ki, &#8220;manchet&#8221; ad\u0131 verilen ince bu\u011fday ekme\u011fi aristokrasinin sofras\u0131ndayken, &#8220;maslin&#8221; denen kar\u0131\u015f\u0131k tah\u0131l somunu fakirin elinde a\u011f\u0131rla\u015f\u0131yordu. Sadece damak zevki meselesi de\u011fil bu \u2014 kim daha iyi \u00f6\u011f\u00fct\u00fclm\u00fc\u015f una eri\u015febilir sorusu, asl\u0131nda kim daha fazla topra\u011fa sahip sorusunun yans\u0131mas\u0131yd\u0131.<\/p>\n<p>Ve Osmanl\u0131&#8217;ya gelelim, zira bu topraklar\u0131 atlarsam haks\u0131zl\u0131k ederim. \u0130stanbul&#8217;da ekmek fiyatlar\u0131 devlet taraf\u0131ndan kontrol edilirdi \u2014 &#8220;narh&#8221; sistemi denen bir \u015fey bu. Padi\u015fah f\u0131r\u0131nc\u0131lar\u0131n fiyatlar\u0131n\u0131 belirliyordu ve e\u011fer bir f\u0131r\u0131nc\u0131 narha uymadan fazla \u00fccret al\u0131rsa, cezas\u0131 a\u011f\u0131rd\u0131. Kula\u011fa adil geliyor, de\u011fil mi? Ama kim kontrol ediyor narh&#8217;\u0131? Kim belirliyor ekme\u011fin gramaj\u0131n\u0131? Devlet. Yani iktidar. Yani yine ayn\u0131 d\u00f6ng\u00fc.<\/p>\n<p>\u015eimdi gelelim modern zamana \u2014 ki burada hik\u00e2ye daha da tuhafla\u015f\u0131yor:<\/p>\n<ul>\n<li><strong>1917 Rusya:<\/strong> Petrograd&#8217;daki ekmek kuyruklar\u0131ndan do\u011fan \u015eubat Devrimi, \u00c7arl\u0131k Rusyas\u0131&#8217;n\u0131 d\u00fc\u015f\u00fcrd\u00fc. \u0130nsanlar ekmek istedi, tarihi de\u011fi\u015ftirdi.<\/li>\n<li><strong>1977 M\u0131s\u0131r:<\/strong> Sedat h\u00fck\u00fcmeti ekmek s\u00fcbvansiyonlar\u0131n\u0131 kald\u0131rd\u0131\u011f\u0131nda, &#8220;Ekmek \u0130syanlar\u0131&#8221; patlad\u0131. \u0130ki g\u00fcn i\u00e7inde geri ad\u0131m at\u0131ld\u0131.<\/li>\n<li><strong>2010-2011 Arap Bahar\u0131:<\/strong> K\u0131smen bu\u011fday fiyatlar\u0131ndaki k\u00fcresel art\u0131\u015f\u0131n tetikledi\u011fi bir isyan dalgas\u0131yd\u0131. Ekme\u011fin fiyat\u0131 bir h\u00fck\u00fcmeti devirebilir \u2014 ve devirdi.<\/li>\n<li><strong>T\u00fcrkiye, her d\u00f6nem:<\/strong> Ekmek fiyat\u0131 siyasi bir termometre. Ne zaman se\u00e7im yakla\u015fsa, ekme\u011fin fiyat\u0131 tart\u0131\u015fma konusu olur. Bu tesad\u00fcf de\u011fil.<\/li>\n<\/ul>\n<p>Peki bug\u00fcn? Bug\u00fcn markete giriyorsun, yar\u0131m d\u00fczine ekmek \u00e7e\u015fidi var \u00f6n\u00fcnde. Glutensiz var, ek\u015fi mayal\u0131 var, chia tohumlu var, &#8220;artisan&#8221; diye yaz\u0131yor \u00fcst\u00fcnde \u2014 ki bu kelime asl\u0131nda sadece &#8220;elle yap\u0131lm\u0131\u015f&#8221; demek ama \u015fu s\u0131ralar b\u00fcy\u00fcl\u00fc bir pazarlama terimi olarak dola\u015f\u0131yor. Ve o artisan somun, yan\u0131ndaki s\u0131radan kepekli ekme\u011fin \u00fc\u00e7 kat\u0131 fiyata sat\u0131l\u0131yor. (\u0130\u015fte tarih tekerr\u00fcr ediyor, sadece kost\u00fcmler de\u011fi\u015fiyor. Orta \u00c7a\u011f soylular\u0131n\u0131n beyaz ekme\u011fi, \u015fimdinin organik ek\u015fi mayal\u0131 somununa d\u00f6n\u00fc\u015ft\u00fc.)<\/p>\n<p>Sana \u015funu sormak istiyorum: <strong>Ekmek yedi\u011finde ne d\u00fc\u015f\u00fcn\u00fcyorsun?<\/strong> \u00c7o\u011fumuz d\u00fc\u015f\u00fcnm\u00fcyoruz, bu normal \u2014 zira en s\u0131radan \u015feyler en b\u00fcy\u00fck hikayeleri ta\u015f\u0131r ve biz fark\u0131nda olmadan bu hikayelerin i\u00e7inde y\u00fcr\u00fcr\u00fcz. Ama bir dahaki sefere elinde bir somun tuttu\u011funda, bilesin: o nesne M\u0131s\u0131r piramitlerini ta\u015f\u0131d\u0131, Frans\u0131z Devrimi&#8217;ni ate\u015fledi, Rusya&#8217;y\u0131 sarst\u0131 ve \u015fu an d\u00fcnyan\u0131n pek \u00e7ok yerinde h\u00e2l\u00e2 bir m\u00fccadelenin merkezinde.<\/p>\n<p>Ben bir portreyi \u00e7izerken \u00f6nce o insan\u0131n y\u00fck\u00fcn\u00fc g\u00f6r\u00fcr\u00fcm dedim ya \u2014 ekme\u011fin de bir y\u00fck\u00fc var. <strong>A\u00e7l\u0131\u011f\u0131n y\u00fck\u00fc, isyan\u0131n y\u00fck\u00fc, payla\u015fman\u0131n y\u00fck\u00fc.<\/strong> Bir somun ekme\u011fi ikiye b\u00f6l\u00fcp birisine uzatmak, belki de insanl\u0131\u011f\u0131n icat etti\u011fi en eski jest. Ve bu jest h\u00e2l\u00e2 ge\u00e7erli \u2014 t\u00fcm fiyat etiketlerine, t\u00fcm s\u0131n\u0131f ayr\u0131mlar\u0131na, t\u00fcm &#8220;artisan&#8221; sa\u00e7mal\u0131klar\u0131na ra\u011fmen.<\/p>\n<p>Ekmek siyasidir. Ekmek tarihtir. Ekmek s\u0131n\u0131ft\u0131r. Ama ayn\u0131 zamanda sabah kahvalt\u0131s\u0131d\u0131r, annenin masas\u0131d\u0131r, kom\u015funun kap\u0131s\u0131nda b\u0131rak\u0131lan o sessiz hediyedir.<\/p>\n<p>\u0130kisi de ayn\u0131 anda do\u011frudur. Zaten en \u00f6nemli \u015feyler hep b\u00f6yle \u2014 hem \u00e7ok a\u011f\u0131r, hem \u00e7ok sade.<\/p>\n<p>Hadi bakay\u0131m, \u015fimdi usulca da\u011f\u0131l\u0131n ve m\u00fcmk\u00fcnse m\u0131sm\u0131l olun.<br \/><strong>Demirhan.<\/strong><\/p>\n","protected":false},"excerpt":{"rendered":"<p>Sana bir soru soray\u0131m, d\u00fcz ve sert: Tarihin en \u00e7ok kan d\u00f6k\u00fclen g\u0131das\u0131 hangisidir? Baharatlar m\u0131 dersin, petrol gibi \u00fclkeleri b\u00f6len? Tuz mu, Roma&#8217;n\u0131n askerleri tuzla \u00fccret alan? Hay\u0131r. Cevap [&hellip;]<\/p>\n","protected":false},"author":2,"featured_media":0,"comment_status":"open","ping_status":"open","sticky":false,"template":"","format":"standard","meta":{"ngg_post_thumbnail":0,"footnotes":""},"categories":[47],"tags":[],"class_list":["post-2307","post","type-post","status-publish","format-standard","hentry","category-gastronomi"],"_links":{"self":[{"href":"https:\/\/demirhanocak.com\/site26\/wp-json\/wp\/v2\/posts\/2307","targetHints":{"allow":["GET"]}}],"collection":[{"href":"https:\/\/demirhanocak.com\/site26\/wp-json\/wp\/v2\/posts"}],"about":[{"href":"https:\/\/demirhanocak.com\/site26\/wp-json\/wp\/v2\/types\/post"}],"author":[{"embeddable":true,"href":"https:\/\/demirhanocak.com\/site26\/wp-json\/wp\/v2\/users\/2"}],"replies":[{"embeddable":true,"href":"https:\/\/demirhanocak.com\/site26\/wp-json\/wp\/v2\/comments?post=2307"}],"version-history":[{"count":0,"href":"https:\/\/demirhanocak.com\/site26\/wp-json\/wp\/v2\/posts\/2307\/revisions"}],"wp:attachment":[{"href":"https:\/\/demirhanocak.com\/site26\/wp-json\/wp\/v2\/media?parent=2307"}],"wp:term":[{"taxonomy":"category","embeddable":true,"href":"https:\/\/demirhanocak.com\/site26\/wp-json\/wp\/v2\/categories?post=2307"},{"taxonomy":"post_tag","embeddable":true,"href":"https:\/\/demirhanocak.com\/site26\/wp-json\/wp\/v2\/tags?post=2307"}],"curies":[{"name":"wp","href":"https:\/\/api.w.org\/{rel}","templated":true}]}}